{"id":587,"date":"2020-04-10T15:01:46","date_gmt":"2020-04-10T13:01:46","guid":{"rendered":"https:\/\/falm.ro\/go-digital-blog\/?p=587"},"modified":"2020-04-10T15:01:56","modified_gmt":"2020-04-10T13:01:56","slug":"ce-este-un-bloc-coperta-si-cum-il-adaug-in-articolul-meu-wordpress","status":"publish","type":"post","link":"https:\/\/falm.ro\/go-digital-blog\/ce-este-un-bloc-coperta-si-cum-il-adaug-in-articolul-meu-wordpress\/","title":{"rendered":"Ce este un bloc Copert\u0103 \u0219i cum \u00eel adaug \u00een articolul meu WordPress?"},"content":{"rendered":"\t\t<div data-elementor-type=\"wp-post\" data-elementor-id=\"587\" class=\"elementor elementor-587\" data-elementor-settings=\"[]\">\n\t\t\t<div class=\"elementor-inner\">\n\t\t\t\t<div class=\"elementor-section-wrap\">\n\t\t\t\t\t\t\t<section class=\"elementor-element elementor-element-63896d5 elementor-reverse-mobile elementor-section-boxed elementor-section-height-default elementor-section-height-default elementor-section elementor-top-section\" data-id=\"63896d5\" data-element_type=\"section\">\n\t\t\t\t\t\t<div class=\"elementor-container elementor-column-gap-default\">\n\t\t\t\t<div class=\"elementor-row\">\n\t\t\t\t<div class=\"elementor-element elementor-element-587663df elementor-column elementor-col-100 elementor-top-column\" data-id=\"587663df\" data-element_type=\"column\">\n\t\t\t<div class=\"elementor-column-wrap  elementor-element-populated\">\n\t\t\t\t\t<div class=\"elementor-widget-wrap\">\n\t\t\t\t<div class=\"elementor-element elementor-element-754f0d37 elementor-widget elementor-widget-text-editor\" data-id=\"754f0d37\" data-element_type=\"widget\" data-widget_type=\"text-editor.default\">\n\t\t\t\t<div class=\"elementor-widget-container\">\n\t\t\t\t\t<div class=\"elementor-text-editor elementor-clearfix\"><p>Blocul copert\u0103 \u00ee\u021bi permite s\u0103 adaugi \u00een con\u021binut o imagine sau un videoclip, care s\u0103 fie suprapuse de un strat cu o anumit\u0103\u00a0 culoare \u0219i un text. Blocul copert\u0103 se folose\u0219te de obicei la \u00eenceputul unui articol.<\/p><p>Pentru a <b>ad\u0103uga o copert\u0103 cu imagine<\/b>, va trebui s\u0103 folose\u0219ti urm\u0103torii pa\u0219i:<\/p><ul><li>Adaug\u0103 un bloc tip copert\u0103;<\/li><li>\u00a0\u00cencarc\u0103 o imagine de pe calculator sau din biblioteca media;<\/li><li>\u00a0Scrie titlul pe care dore\u0219ti s\u0103 \u00eel afi\u0219ezi;<\/li><li>\u00cen bara lateral\u0103 po\u021bi stiliza titlul folosind urm\u0103toarele op\u021biuni: <b>Set\u0103ri text<\/b> &#8211; \u00ee\u021bi permite s\u0103 modifici dimensiunea textului, precum \u0219i s\u0103 alegi dac\u0103 acesta va fi prev\u0103zut sau nu cu <b>Letrin\u0103 <\/b>(ini\u021bial\u0103 mare). De la sec\u021biunea <b>Set\u0103ri culoare<\/b>, po\u021bi alege o culoare de fundal pentru titlu, dar \u0219i culoarea acestuia.<\/li><li>\u00a0Dac\u0103 dore\u0219ti s\u0103 stilizezi imaginea, trebuie s\u0103 dai click \u00eenafara titlului. Odat\u0103 ce ai dat click, \u00een bara lateral\u0103 vor ap\u0103rea set\u0103rile pentru imaginea de fundal. La <b>Set\u0103ri copert\u0103<\/b> putem selecta dac\u0103 dorim ca o imagine s\u0103 r\u0103m\u00e2n\u0103 fix\u0103 atunci c\u00e2nd rul\u0103m pagina, precum \u0219i punctul \u00een care s\u0103 fie focalizat\u0103 imaginea. Urmeaz\u0103 sec\u021biunea <b>Suprapunere<\/b>, de unde po\u021bi<b> <\/b>selecta culoarea care se suprapune peste imagine<b>, <\/b>precum \u0219i <b>opacitatea <\/b>culorii<b>. <br \/><\/b><\/li><\/ul><\/div>\n\t\t\t\t<\/div>\n\t\t\t\t<\/div>\n\t\t\t\t<div class=\"elementor-element elementor-element-5842e3d9 elementor-aspect-ratio-169 elementor-widget elementor-widget-video\" data-id=\"5842e3d9\" data-element_type=\"widget\" data-settings=\"{&quot;aspect_ratio&quot;:&quot;169&quot;}\" data-widget_type=\"video.default\">\n\t\t\t\t<div class=\"elementor-widget-container\">\n\t\t\t\t\t<div class=\"elementor-wrapper elementor-fit-aspect-ratio elementor-open-inline\">\n\t\t\t<iframe class=\"elementor-video-iframe\" allowfullscreen title=\"Player video youtube\" src=\"https:\/\/www.youtube.com\/embed\/We5WbUBmCQ4?feature=oembed&amp;autoplay=1&amp;playlist=We5WbUBmCQ4&amp;wmode=opaque&amp;loop=1&amp;controls=1&amp;mute=0&amp;rel=0&amp;modestbranding=0\"><\/iframe>\t\t<\/div>\n\t\t\t\t<\/div>\n\t\t\t\t<\/div>\n\t\t\t\t<div class=\"elementor-element elementor-element-12a66b74 elementor-widget elementor-widget-text-editor\" data-id=\"12a66b74\" data-element_type=\"widget\" data-widget_type=\"text-editor.default\">\n\t\t\t\t<div class=\"elementor-widget-container\">\n\t\t\t\t\t<div class=\"elementor-text-editor elementor-clearfix\"><p>Pentru a ad\u0103uga o copert\u0103 cu video, va trebui s\u0103 folose\u0219ti urm\u0103torii pa\u0219i:<\/p><ul><li>Adaug\u0103 un bloc tip copert\u0103;<\/li><li>\u00a0\u00cencarc\u0103 un videoclip de pe calculator sau din biblioteca media;<\/li><li>Scrie titlul pe care dore\u0219ti s\u0103 \u00eel afi\u0219ezi;<\/li><li>\u00cen bara lateral\u0103 po\u021bi stiliza titlul folosind urm\u0103toarele op\u021biuni: <b>Set\u0103ri text<\/b> &#8211; \u00ee\u021bi permite s\u0103 modifici dimensiunea textului, precum \u0219i s\u0103 alegi dac\u0103 acesta va fi prev\u0103zut sau nu cu <b>Letrin\u0103 <\/b>(ini\u021bial\u0103 mare). De la sec\u021biunea <b>Set\u0103ri culoare<\/b>, po\u021bi alege o culoare de fundal pentru titlu, dar \u0219i culoarea acestuia.<\/li><li>\u00a0Dac\u0103 dore\u0219ti s\u0103 stilizezi videoclipul, trebuie s\u0103 dai click \u00eenafara titlului. Odat\u0103 ce ai dat click, \u00een bara lateral\u0103 vor ap\u0103rea set\u0103rile pentru videoclipul de fundal. La <b>Set\u0103ri copert\u0103<\/b> putem selecta sec\u021biunea <b>Suprapunere<\/b>, de unde po\u021bi<b> <\/b>selecta culoarea care se suprapune peste<b> <\/b>videoclip<b>, <\/b>precum \u0219i <b>opacitatea <\/b>culorii<b>. <br \/><\/b><\/li><\/ul><\/div>\n\t\t\t\t<\/div>\n\t\t\t\t<\/div>\n\t\t\t\t<div class=\"elementor-element elementor-element-1fae1e8 elementor-aspect-ratio-169 elementor-widget elementor-widget-video\" data-id=\"1fae1e8\" data-element_type=\"widget\" data-settings=\"{&quot;aspect_ratio&quot;:&quot;169&quot;}\" data-widget_type=\"video.default\">\n\t\t\t\t<div class=\"elementor-widget-container\">\n\t\t\t\t\t<div class=\"elementor-wrapper elementor-fit-aspect-ratio elementor-open-inline\">\n\t\t\t<iframe class=\"elementor-video-iframe\" allowfullscreen title=\"Player video youtube\" src=\"https:\/\/www.youtube.com\/embed\/xcXTMPNYKaw?feature=oembed&amp;autoplay=1&amp;playlist=xcXTMPNYKaw&amp;wmode=opaque&amp;loop=1&amp;controls=1&amp;mute=0&amp;rel=0&amp;modestbranding=0\"><\/iframe>\t\t<\/div>\n\t\t\t\t<\/div>\n\t\t\t\t<\/div>\n\t\t\t\t\t\t<\/div>\n\t\t\t<\/div>\n\t\t<\/div>\n\t\t\t\t\t\t<\/div>\n\t\t\t<\/div>\n\t\t<\/section>\n\t\t\t\t\t\t<\/div>\n\t\t\t<\/div>\n\t\t<\/div>\n\t\t","protected":false},"excerpt":{"rendered":"<p>Blocul copert\u0103 \u00ee\u021bi permite s\u0103 adaugi \u00een con\u021binut o imagine sau un videoclip, care s\u0103 fie suprapuse de un strat cu o anumit\u0103\u00a0 culoare \u0219i un text. Blocul copert\u0103 se folose\u0219te de obicei la \u00eenceputul unui articol. Pentru a ad\u0103uga o copert\u0103 cu imagine, va trebui s\u0103 folose\u0219ti urm\u0103torii pa\u0219i: Adaug\u0103 un bloc tip copert\u0103; [&hellip;]<\/p>\n","protected":false},"author":1,"featured_media":589,"comment_status":"open","ping_status":"open","sticky":false,"template":"","format":"standard","meta":[],"categories":[12],"tags":[],"yoast_head":"<!-- This site is optimized with the Yoast SEO plugin v14.8.1 - https:\/\/yoast.com\/wordpress\/plugins\/seo\/ -->\n<meta name=\"robots\" content=\"index, follow\" \/>\n<meta name=\"googlebot\" content=\"index, follow, max-snippet:-1, max-image-preview:large, max-video-preview:-1\" \/>\n<meta name=\"bingbot\" content=\"index, follow, max-snippet:-1, max-image-preview:large, max-video-preview:-1\" \/>\n<link rel=\"canonical\" href=\"https:\/\/falm.ro\/go-digital-blog\/ce-este-un-bloc-coperta-si-cum-il-adaug-in-articolul-meu-wordpress\/\" \/>\n<meta property=\"og:locale\" content=\"ro_RO\" \/>\n<meta property=\"og:type\" content=\"article\" \/>\n<meta property=\"og:title\" content=\"Ce este un bloc Copert\u0103 \u0219i cum \u00eel adaug \u00een articolul meu Wordpress? - #FALM\" \/>\n<meta property=\"og:description\" content=\"Blocul copert\u0103 \u00ee\u021bi permite s\u0103 adaugi \u00een con\u021binut o imagine sau un videoclip, care s\u0103 fie suprapuse de un strat cu o anumit\u0103\u00a0 culoare \u0219i un text. Blocul copert\u0103 se folose\u0219te de obicei la \u00eenceputul unui articol. Pentru a ad\u0103uga o copert\u0103 cu imagine, va trebui s\u0103 folose\u0219ti urm\u0103torii pa\u0219i: Adaug\u0103 un bloc tip copert\u0103; [&hellip;]\" \/>\n<meta property=\"og:url\" content=\"https:\/\/falm.ro\/go-digital-blog\/ce-este-un-bloc-coperta-si-cum-il-adaug-in-articolul-meu-wordpress\/\" \/>\n<meta property=\"og:site_name\" content=\"#FALM\" \/>\n<meta property=\"article:publisher\" content=\"https:\/\/www.facebook.com\/FalmWebDesign\" \/>\n<meta property=\"article:published_time\" content=\"2020-04-10T13:01:46+00:00\" \/>\n<meta property=\"article:modified_time\" content=\"2020-04-10T13:01:56+00:00\" \/>\n<meta property=\"og:image\" content=\"https:\/\/falm.ro\/go-digital-blog\/wp-content\/uploads\/2020\/04\/blocul-guttenberg-copert\u0103.jpg\" \/>\n\t<meta property=\"og:image:width\" content=\"1500\" \/>\n\t<meta property=\"og:image:height\" content=\"1038\" \/>\n<meta name=\"twitter:card\" content=\"summary\" \/>\n<meta name=\"twitter:creator\" content=\"@FalmWebDesign\" \/>\n<meta name=\"twitter:site\" content=\"@FalmWebDesign\" \/>\n<script type=\"application\/ld+json\" class=\"yoast-schema-graph\">{\"@context\":\"https:\/\/schema.org\",\"@graph\":[{\"@type\":\"WebSite\",\"@id\":\"https:\/\/falm.ro\/go-digital-blog\/#website\",\"url\":\"https:\/\/falm.ro\/go-digital-blog\/\",\"name\":\"#FALM\",\"description\":\"F\\u0102 PASUL SPRE DIGITAL!\",\"potentialAction\":[{\"@type\":\"SearchAction\",\"target\":\"https:\/\/falm.ro\/go-digital-blog\/?s={search_term_string}\",\"query-input\":\"required name=search_term_string\"}],\"inLanguage\":\"ro-RO\"},{\"@type\":\"ImageObject\",\"@id\":\"https:\/\/falm.ro\/go-digital-blog\/ce-este-un-bloc-coperta-si-cum-il-adaug-in-articolul-meu-wordpress\/#primaryimage\",\"inLanguage\":\"ro-RO\",\"url\":\"https:\/\/falm.ro\/go-digital-blog\/wp-content\/uploads\/2020\/04\/blocul-guttenberg-copert\\u0103.jpg\",\"width\":1500,\"height\":1038},{\"@type\":\"WebPage\",\"@id\":\"https:\/\/falm.ro\/go-digital-blog\/ce-este-un-bloc-coperta-si-cum-il-adaug-in-articolul-meu-wordpress\/#webpage\",\"url\":\"https:\/\/falm.ro\/go-digital-blog\/ce-este-un-bloc-coperta-si-cum-il-adaug-in-articolul-meu-wordpress\/\",\"name\":\"Ce este un bloc Copert\\u0103 \\u0219i cum \\u00eel adaug \\u00een articolul meu Wordpress? - #FALM\",\"isPartOf\":{\"@id\":\"https:\/\/falm.ro\/go-digital-blog\/#website\"},\"primaryImageOfPage\":{\"@id\":\"https:\/\/falm.ro\/go-digital-blog\/ce-este-un-bloc-coperta-si-cum-il-adaug-in-articolul-meu-wordpress\/#primaryimage\"},\"datePublished\":\"2020-04-10T13:01:46+00:00\",\"dateModified\":\"2020-04-10T13:01:56+00:00\",\"author\":{\"@id\":\"https:\/\/falm.ro\/go-digital-blog\/#\/schema\/person\/c3caf8dea6511e1183242f165ec72bd8\"},\"breadcrumb\":{\"@id\":\"https:\/\/falm.ro\/go-digital-blog\/ce-este-un-bloc-coperta-si-cum-il-adaug-in-articolul-meu-wordpress\/#breadcrumb\"},\"inLanguage\":\"ro-RO\",\"potentialAction\":[{\"@type\":\"ReadAction\",\"target\":[\"https:\/\/falm.ro\/go-digital-blog\/ce-este-un-bloc-coperta-si-cum-il-adaug-in-articolul-meu-wordpress\/\"]}]},{\"@type\":\"BreadcrumbList\",\"@id\":\"https:\/\/falm.ro\/go-digital-blog\/ce-este-un-bloc-coperta-si-cum-il-adaug-in-articolul-meu-wordpress\/#breadcrumb\",\"itemListElement\":[{\"@type\":\"ListItem\",\"position\":1,\"item\":{\"@type\":\"WebPage\",\"@id\":\"https:\/\/falm.ro\/go-digital-blog\/\",\"url\":\"https:\/\/falm.ro\/go-digital-blog\/\",\"name\":\"#FALM\"}},{\"@type\":\"ListItem\",\"position\":2,\"item\":{\"@type\":\"WebPage\",\"@id\":\"https:\/\/falm.ro\/go-digital-blog\/category\/ghidul-site-ului-tau\/\",\"url\":\"https:\/\/falm.ro\/go-digital-blog\/category\/ghidul-site-ului-tau\/\",\"name\":\"Ghidul site-ului t\\u0103u\"}},{\"@type\":\"ListItem\",\"position\":3,\"item\":{\"@type\":\"WebPage\",\"@id\":\"https:\/\/falm.ro\/go-digital-blog\/ce-este-un-bloc-coperta-si-cum-il-adaug-in-articolul-meu-wordpress\/\",\"url\":\"https:\/\/falm.ro\/go-digital-blog\/ce-este-un-bloc-coperta-si-cum-il-adaug-in-articolul-meu-wordpress\/\",\"name\":\"Ce este un bloc Copert\\u0103 \\u0219i cum \\u00eel adaug \\u00een articolul meu WordPress?\"}}]},{\"@type\":\"Person\",\"@id\":\"https:\/\/falm.ro\/go-digital-blog\/#\/schema\/person\/c3caf8dea6511e1183242f165ec72bd8\",\"name\":\"Falmwebdesign\",\"image\":{\"@type\":\"ImageObject\",\"@id\":\"https:\/\/falm.ro\/go-digital-blog\/#personlogo\",\"inLanguage\":\"ro-RO\",\"url\":\"https:\/\/secure.gravatar.com\/avatar\/a3bd9a86d8c0c82a4b0fa6a941477672?s=96&d=mm&r=g\",\"caption\":\"Falmwebdesign\"}}]}<\/script>\n<!-- \/ Yoast SEO plugin. -->","_links":{"self":[{"href":"https:\/\/falm.ro\/go-digital-blog\/wp-json\/wp\/v2\/posts\/587"}],"collection":[{"href":"https:\/\/falm.ro\/go-digital-blog\/wp-json\/wp\/v2\/posts"}],"about":[{"href":"https:\/\/falm.ro\/go-digital-blog\/wp-json\/wp\/v2\/types\/post"}],"author":[{"embeddable":true,"href":"https:\/\/falm.ro\/go-digital-blog\/wp-json\/wp\/v2\/users\/1"}],"replies":[{"embeddable":true,"href":"https:\/\/falm.ro\/go-digital-blog\/wp-json\/wp\/v2\/comments?post=587"}],"version-history":[{"count":3,"href":"https:\/\/falm.ro\/go-digital-blog\/wp-json\/wp\/v2\/posts\/587\/revisions"}],"predecessor-version":[{"id":593,"href":"https:\/\/falm.ro\/go-digital-blog\/wp-json\/wp\/v2\/posts\/587\/revisions\/593"}],"wp:featuredmedia":[{"embeddable":true,"href":"https:\/\/falm.ro\/go-digital-blog\/wp-json\/wp\/v2\/media\/589"}],"wp:attachment":[{"href":"https:\/\/falm.ro\/go-digital-blog\/wp-json\/wp\/v2\/media?parent=587"}],"wp:term":[{"taxonomy":"category","embeddable":true,"href":"https:\/\/falm.ro\/go-digital-blog\/wp-json\/wp\/v2\/categories?post=587"},{"taxonomy":"post_tag","embeddable":true,"href":"https:\/\/falm.ro\/go-digital-blog\/wp-json\/wp\/v2\/tags?post=587"}],"curies":[{"name":"wp","href":"https:\/\/api.w.org\/{rel}","templated":true}]}}